{"id":10074,"date":"2024-05-22T16:19:43","date_gmt":"2024-05-22T14:19:43","guid":{"rendered":"https:\/\/imk-ema.com\/?p=10074"},"modified":"2024-05-23T14:52:32","modified_gmt":"2024-05-23T12:52:32","slug":"a-journey-through-12-years-of-iic","status":"publish","type":"post","link":"https:\/\/imk-ema.com\/en\/eine-zeitreise-durch-12-jahre-iic\/","title":{"rendered":"A journey through 12 years of IIC"},"content":{"rendered":"<div data-elementor-type=\"wp-post\" data-elementor-id=\"10074\" class=\"elementor elementor-10074\" data-elementor-post-type=\"post\">\n\t\t\t\t<div class=\"elementor-element elementor-element-7679ab0 e-flex e-con-boxed e-con e-parent\" data-id=\"7679ab0\" data-element_type=\"container\" data-e-type=\"container\">\n\t\t\t\t\t<div class=\"e-con-inner\">\n\t\t<div class=\"elementor-element elementor-element-7dcdb6f e-flex e-con-boxed e-con e-child\" data-id=\"7dcdb6f\" data-element_type=\"container\" data-e-type=\"container\">\n\t\t\t\t\t<div class=\"e-con-inner\">\n\t\t\t\t<div class=\"elementor-element elementor-element-0b62687 elementor-widget elementor-widget-text-editor\" data-id=\"0b62687\" data-element_type=\"widget\" data-e-type=\"widget\" data-widget_type=\"text-editor.default\">\n\t\t\t\t\t\t\t\t\t<p>IIC2024 opens its doors on 18 &amp; 19 September 2024!<\/p><p>The 12th IIC Conference is all about the <strong>Innovations in the digital factory and production planning.<\/strong> We would like to take this opportunity to take a brief look back over the past few years.<\/p>\t\t\t\t\t\t\t\t<\/div>\n\t\t<div class=\"elementor-element elementor-element-42d0aed e-con-full e-flex e-con e-child\" data-id=\"42d0aed\" data-element_type=\"container\" data-e-type=\"container\">\n\t\t\t\t<div class=\"elementor-element elementor-element-9206e48 elementor-widget elementor-widget-image\" data-id=\"9206e48\" data-element_type=\"widget\" data-e-type=\"widget\" data-widget_type=\"image.default\">\n\t\t\t\t\t\t\t\t\t\t\t\t\t\t\t<img fetchpriority=\"high\" decoding=\"async\" width=\"560\" height=\"629\" src=\"https:\/\/imk-ema.com\/wp-content\/uploads\/2024\/05\/Bild2.png\" class=\"attachment-medium_large size-medium_large wp-image-10091\" alt=\"\" srcset=\"https:\/\/imk-ema.com\/wp-content\/uploads\/2024\/05\/Bild2.png 560w, https:\/\/imk-ema.com\/wp-content\/uploads\/2024\/05\/Bild2-267x300.png 267w, https:\/\/imk-ema.com\/wp-content\/uploads\/2024\/05\/Bild2-11x12.png 11w\" sizes=\"(max-width: 560px) 100vw, 560px\" \/>\t\t\t\t\t\t\t\t\t\t\t\t\t\t\t<\/div>\n\t\t\t\t<\/div>\n\t\t\t\t\t<\/div>\n\t\t\t\t<\/div>\n\t\t\t\t<div class=\"elementor-element elementor-element-dea9f40 elementor-widget elementor-widget-heading\" data-id=\"dea9f40\" data-element_type=\"widget\" data-e-type=\"widget\" data-widget_type=\"heading.default\">\n\t\t\t\t\t<h3 class=\"elementor-heading-title elementor-size-default\">First ema regulars' table 2012<\/h3>\t\t\t\t<\/div>\n\t\t<div class=\"elementor-element elementor-element-7dbe279 e-flex e-con-boxed e-con e-child\" data-id=\"7dbe279\" data-element_type=\"container\" data-e-type=\"container\">\n\t\t\t\t\t<div class=\"e-con-inner\">\n\t\t<div class=\"elementor-element elementor-element-20fa1e2 e-grid e-con-boxed e-con e-child\" data-id=\"20fa1e2\" data-element_type=\"container\" data-e-type=\"container\">\n\t\t\t\t\t<div class=\"e-con-inner\">\n\t\t<div class=\"elementor-element elementor-element-50484bd e-flex e-con-boxed e-con e-child\" data-id=\"50484bd\" data-element_type=\"container\" data-e-type=\"container\">\n\t\t\t\t\t<div class=\"e-con-inner\">\n\t\t\t\t<div class=\"elementor-element elementor-element-0de3d3d elementor-widget elementor-widget-text-editor\" data-id=\"0de3d3d\" data-element_type=\"widget\" data-e-type=\"widget\" data-widget_type=\"text-editor.default\">\n\t\t\t\t\t\t\t\t\t<p>To explore the beginnings of the IIC, we have to travel back 12 years into the past. The first IIC took place in 2012 under the name \"ema-Stammtisch\" at the Meteor Chemnitz. At that time, it was still a half-day event where ema users came together in a small circle.<\/p>\t\t\t\t\t\t\t\t<\/div>\n\t\t\t\t\t<\/div>\n\t\t\t\t<\/div>\n\t\t<div class=\"elementor-element elementor-element-68a2bb8 e-flex e-con-boxed e-con e-child\" data-id=\"68a2bb8\" data-element_type=\"container\" data-e-type=\"container\">\n\t\t\t\t\t<div class=\"e-con-inner\">\n\t\t\t\t<div class=\"elementor-element elementor-element-5de00c8 elementor-widget elementor-widget-image\" data-id=\"5de00c8\" data-element_type=\"widget\" data-e-type=\"widget\" data-widget_type=\"image.default\">\n\t\t\t\t\t\t\t\t\t\t\t\t\t\t\t<img decoding=\"async\" width=\"800\" height=\"450\" src=\"https:\/\/imk-ema.com\/wp-content\/uploads\/2024\/05\/IIC-2024-1024x576.png\" class=\"attachment-large size-large wp-image-10088\" alt=\"\" srcset=\"https:\/\/imk-ema.com\/wp-content\/uploads\/2024\/05\/IIC-2024-1024x576.png 1024w, https:\/\/imk-ema.com\/wp-content\/uploads\/2024\/05\/IIC-2024-300x169.png 300w, https:\/\/imk-ema.com\/wp-content\/uploads\/2024\/05\/IIC-2024-768x432.png 768w, https:\/\/imk-ema.com\/wp-content\/uploads\/2024\/05\/IIC-2024-1536x864.png 1536w, https:\/\/imk-ema.com\/wp-content\/uploads\/2024\/05\/IIC-2024-18x10.png 18w, https:\/\/imk-ema.com\/wp-content\/uploads\/2024\/05\/IIC-2024.png 1920w\" sizes=\"(max-width: 800px) 100vw, 800px\" \/>\t\t\t\t\t\t\t\t\t\t\t\t\t\t\t<\/div>\n\t\t\t\t\t<\/div>\n\t\t\t\t<\/div>\n\t\t\t\t\t<\/div>\n\t\t\t\t<\/div>\n\t\t\t\t\t<\/div>\n\t\t\t\t<\/div>\n\t\t\t\t\t<\/div>\n\t\t\t\t<\/div>\n\t\t<div class=\"elementor-element elementor-element-e00ae0b e-flex e-con-boxed e-con e-parent\" data-id=\"e00ae0b\" data-element_type=\"container\" data-e-type=\"container\">\n\t\t\t\t\t<div class=\"e-con-inner\">\n\t\t\t\t<div class=\"elementor-element elementor-element-4f537bf elementor-widget elementor-widget-text-editor\" data-id=\"4f537bf\" data-element_type=\"widget\" data-e-type=\"widget\" data-widget_type=\"text-editor.default\">\n\t\t\t\t\t\t\t\t\t<p>One year later, we met again at the same location, but this time under a different name: the ema User Forum. The ema user forum was also held in Chemnitz in 2014, this time at the Fraunhofer Institute IWU Chemnitz. As in the two previous years, the event lasted half a day.<\/p>\t\t\t\t\t\t\t\t<\/div>\n\t\t<div class=\"elementor-element elementor-element-993b69c e-flex e-con-boxed e-con e-child\" data-id=\"993b69c\" data-element_type=\"container\" data-e-type=\"container\">\n\t\t\t\t\t<div class=\"e-con-inner\">\n\t\t<div class=\"elementor-element elementor-element-b888ef8 e-grid e-con-boxed e-con e-child\" data-id=\"b888ef8\" data-element_type=\"container\" data-e-type=\"container\">\n\t\t\t\t\t<div class=\"e-con-inner\">\n\t\t<div class=\"elementor-element elementor-element-db5442e e-flex e-con-boxed e-con e-child\" data-id=\"db5442e\" data-element_type=\"container\" data-e-type=\"container\">\n\t\t\t\t\t<div class=\"e-con-inner\">\n\t\t\t\t<div class=\"elementor-element elementor-element-2e44b93 elementor-widget elementor-widget-image\" data-id=\"2e44b93\" data-element_type=\"widget\" data-e-type=\"widget\" data-widget_type=\"image.default\">\n\t\t\t\t\t\t\t\t\t\t\t\t\t\t\t<img decoding=\"async\" width=\"800\" height=\"450\" src=\"https:\/\/imk-ema.com\/wp-content\/uploads\/2024\/05\/IIC-2015-1024x576.png\" class=\"attachment-large size-large wp-image-10081\" alt=\"\" srcset=\"https:\/\/imk-ema.com\/wp-content\/uploads\/2024\/05\/IIC-2015-1024x576.png 1024w, https:\/\/imk-ema.com\/wp-content\/uploads\/2024\/05\/IIC-2015-300x169.png 300w, https:\/\/imk-ema.com\/wp-content\/uploads\/2024\/05\/IIC-2015-768x432.png 768w, https:\/\/imk-ema.com\/wp-content\/uploads\/2024\/05\/IIC-2015-1536x864.png 1536w, https:\/\/imk-ema.com\/wp-content\/uploads\/2024\/05\/IIC-2015-18x10.png 18w, https:\/\/imk-ema.com\/wp-content\/uploads\/2024\/05\/IIC-2015.png 1920w\" sizes=\"(max-width: 800px) 100vw, 800px\" \/>\t\t\t\t\t\t\t\t\t\t\t\t\t\t\t<\/div>\n\t\t\t\t\t<\/div>\n\t\t\t\t<\/div>\n\t\t<div class=\"elementor-element elementor-element-e7583b4 e-flex e-con-boxed e-con e-child\" data-id=\"e7583b4\" data-element_type=\"container\" data-e-type=\"container\">\n\t\t\t\t\t<div class=\"e-con-inner\">\n\t\t<div class=\"elementor-element elementor-element-4757c1a e-flex e-con-boxed e-con e-child\" data-id=\"4757c1a\" data-element_type=\"container\" data-e-type=\"container\">\n\t\t\t\t\t<div class=\"e-con-inner\">\n\t\t\t\t<div class=\"elementor-element elementor-element-a3bd9bd elementor-widget elementor-widget-heading\" data-id=\"a3bd9bd\" data-element_type=\"widget\" data-e-type=\"widget\" data-widget_type=\"heading.default\">\n\t\t\t\t\t<h3 class=\"elementor-heading-title elementor-size-default\">The official birth of the IIC<\/h3>\t\t\t\t<\/div>\n\t\t\t\t\t<\/div>\n\t\t\t\t<\/div>\n\t\t\t\t<div class=\"elementor-element elementor-element-3adc084 elementor-widget elementor-widget-text-editor\" data-id=\"3adc084\" data-element_type=\"widget\" data-e-type=\"widget\" data-widget_type=\"text-editor.default\">\n\t\t\t\t\t\t\t\t\t<p>In 2015, the name IIC was officially used for the first time. In a sign of change, we also moved the venue to Augustusburg Castle, among other places.<\/p>\t\t\t\t\t\t\t\t<\/div>\n\t\t\t\t\t<\/div>\n\t\t\t\t<\/div>\n\t\t\t\t\t<\/div>\n\t\t\t\t<\/div>\n\t\t\t\t\t<\/div>\n\t\t\t\t<\/div>\n\t\t<div class=\"elementor-element elementor-element-78084ba e-flex e-con-boxed e-con e-child\" data-id=\"78084ba\" data-element_type=\"container\" data-e-type=\"container\">\n\t\t\t\t\t<div class=\"e-con-inner\">\n\t\t<div class=\"elementor-element elementor-element-d7b2268 e-grid e-con-boxed e-con e-child\" data-id=\"d7b2268\" data-element_type=\"container\" data-e-type=\"container\">\n\t\t\t\t\t<div class=\"e-con-inner\">\n\t\t<div class=\"elementor-element elementor-element-f34ef75 e-flex e-con-boxed e-con e-child\" data-id=\"f34ef75\" data-element_type=\"container\" data-e-type=\"container\">\n\t\t\t\t\t<div class=\"e-con-inner\">\n\t\t\t\t<div class=\"elementor-element elementor-element-1649aca elementor-widget elementor-widget-text-editor\" data-id=\"1649aca\" data-element_type=\"widget\" data-e-type=\"widget\" data-widget_type=\"text-editor.default\">\n\t\t\t\t\t\t\t\t\t<p>There's something about a castle as a location! We'll do it all over again. So we decided to organise IIC2016 at Schloss Breitenfeld in Leipzig - and thus for the first time outside of Chemnitz.<\/p>\t\t\t\t\t\t\t\t<\/div>\n\t\t\t\t\t<\/div>\n\t\t\t\t<\/div>\n\t\t\t\t<div class=\"elementor-element elementor-element-becdb43 elementor-widget elementor-widget-image\" data-id=\"becdb43\" data-element_type=\"widget\" data-e-type=\"widget\" data-widget_type=\"image.default\">\n\t\t\t\t\t\t\t\t\t\t\t\t\t\t\t<img loading=\"lazy\" decoding=\"async\" width=\"800\" height=\"450\" src=\"https:\/\/imk-ema.com\/wp-content\/uploads\/2024\/05\/IIC-2016-1024x576.png\" class=\"attachment-large size-large wp-image-10082\" alt=\"\" srcset=\"https:\/\/imk-ema.com\/wp-content\/uploads\/2024\/05\/IIC-2016-1024x576.png 1024w, https:\/\/imk-ema.com\/wp-content\/uploads\/2024\/05\/IIC-2016-300x169.png 300w, https:\/\/imk-ema.com\/wp-content\/uploads\/2024\/05\/IIC-2016-768x432.png 768w, https:\/\/imk-ema.com\/wp-content\/uploads\/2024\/05\/IIC-2016-1536x864.png 1536w, https:\/\/imk-ema.com\/wp-content\/uploads\/2024\/05\/IIC-2016-18x10.png 18w, https:\/\/imk-ema.com\/wp-content\/uploads\/2024\/05\/IIC-2016.png 1920w\" sizes=\"(max-width: 800px) 100vw, 800px\" \/>\t\t\t\t\t\t\t\t\t\t\t\t\t\t\t<\/div>\n\t\t\t\t\t<\/div>\n\t\t\t\t<\/div>\n\t\t\t\t\t<\/div>\n\t\t\t\t<\/div>\n\t\t<div class=\"elementor-element elementor-element-1cffd2a e-flex e-con-boxed e-con e-child\" data-id=\"1cffd2a\" data-element_type=\"container\" data-e-type=\"container\">\n\t\t\t\t\t<div class=\"e-con-inner\">\n\t\t<div class=\"elementor-element elementor-element-9d6589a e-grid e-con-boxed e-con e-child\" data-id=\"9d6589a\" data-element_type=\"container\" data-e-type=\"container\">\n\t\t\t\t\t<div class=\"e-con-inner\">\n\t\t<div class=\"elementor-element elementor-element-321af4c e-flex e-con-boxed e-con e-child\" data-id=\"321af4c\" data-element_type=\"container\" data-e-type=\"container\">\n\t\t\t\t\t<div class=\"e-con-inner\">\n\t\t\t\t<div class=\"elementor-element elementor-element-a73f7fe elementor-widget elementor-widget-image\" data-id=\"a73f7fe\" data-element_type=\"widget\" data-e-type=\"widget\" data-widget_type=\"image.default\">\n\t\t\t\t\t\t\t\t\t\t\t\t\t\t\t<img loading=\"lazy\" decoding=\"async\" width=\"800\" height=\"450\" src=\"https:\/\/imk-ema.com\/wp-content\/uploads\/2024\/05\/IIC-2017-1024x576.png\" class=\"attachment-large size-large wp-image-10083\" alt=\"\" srcset=\"https:\/\/imk-ema.com\/wp-content\/uploads\/2024\/05\/IIC-2017-1024x576.png 1024w, https:\/\/imk-ema.com\/wp-content\/uploads\/2024\/05\/IIC-2017-300x169.png 300w, https:\/\/imk-ema.com\/wp-content\/uploads\/2024\/05\/IIC-2017-768x432.png 768w, https:\/\/imk-ema.com\/wp-content\/uploads\/2024\/05\/IIC-2017-1536x864.png 1536w, https:\/\/imk-ema.com\/wp-content\/uploads\/2024\/05\/IIC-2017-18x10.png 18w, https:\/\/imk-ema.com\/wp-content\/uploads\/2024\/05\/IIC-2017.png 1920w\" sizes=\"(max-width: 800px) 100vw, 800px\" \/>\t\t\t\t\t\t\t\t\t\t\t\t\t\t\t<\/div>\n\t\t\t\t\t<\/div>\n\t\t\t\t<\/div>\n\t\t<div class=\"elementor-element elementor-element-79d6dbe e-flex e-con-boxed e-con e-child\" data-id=\"79d6dbe\" data-element_type=\"container\" data-e-type=\"container\">\n\t\t\t\t\t<div class=\"e-con-inner\">\n\t\t\t\t<div class=\"elementor-element elementor-element-0905de2 elementor-widget elementor-widget-text-editor\" data-id=\"0905de2\" data-element_type=\"widget\" data-e-type=\"widget\" data-widget_type=\"text-editor.default\">\n\t\t\t\t\t\t\t\t\t<p>We were drawn back to our hometown of Chemnitz for IIC2017. The search for a suitable event location ended at the Chemnitzer FC stadium. What an exciting location!<\/p>\t\t\t\t\t\t\t\t<\/div>\n\t\t\t\t\t<\/div>\n\t\t\t\t<\/div>\n\t\t\t\t\t<\/div>\n\t\t\t\t<\/div>\n\t\t\t\t\t<\/div>\n\t\t\t\t<\/div>\n\t\t<div class=\"elementor-element elementor-element-e11ab05 e-flex e-con-boxed e-con e-child\" data-id=\"e11ab05\" data-element_type=\"container\" data-e-type=\"container\">\n\t\t\t\t\t<div class=\"e-con-inner\">\n\t\t<div class=\"elementor-element elementor-element-b72303d e-grid e-con-boxed e-con e-child\" data-id=\"b72303d\" data-element_type=\"container\" data-e-type=\"container\">\n\t\t\t\t\t<div class=\"e-con-inner\">\n\t\t<div class=\"elementor-element elementor-element-d2e10ed e-flex e-con-boxed e-con e-child\" data-id=\"d2e10ed\" data-element_type=\"container\" data-e-type=\"container\">\n\t\t\t\t\t<div class=\"e-con-inner\">\n\t\t\t\t<div class=\"elementor-element elementor-element-fb2c0be elementor-widget elementor-widget-heading\" data-id=\"fb2c0be\" data-element_type=\"widget\" data-e-type=\"widget\" data-widget_type=\"heading.default\">\n\t\t\t\t\t<h3 class=\"elementor-heading-title elementor-size-default\">IIC goes Germany<\/h3>\t\t\t\t<\/div>\n\t\t\t\t<div class=\"elementor-element elementor-element-7ab7c9c elementor-widget elementor-widget-text-editor\" data-id=\"7ab7c9c\" data-element_type=\"widget\" data-e-type=\"widget\" data-widget_type=\"text-editor.default\">\n\t\t\t\t\t\t\t\t\t<p>We really liked the stadium as an event location. So it just so happened that we found ourselves in a stadium again in 2018. This time, however, it was the Mercedes-Benz Arena Stuttgart. This was also the first IIC to take place outside of Saxony.<\/p>\t\t\t\t\t\t\t\t<\/div>\n\t\t\t\t\t<\/div>\n\t\t\t\t<\/div>\n\t\t<div class=\"elementor-element elementor-element-7b3d169 e-flex e-con-boxed e-con e-child\" data-id=\"7b3d169\" data-element_type=\"container\" data-e-type=\"container\">\n\t\t\t\t\t<div class=\"e-con-inner\">\n\t\t\t\t<div class=\"elementor-element elementor-element-7c7eef1 elementor-widget elementor-widget-image\" data-id=\"7c7eef1\" data-element_type=\"widget\" data-e-type=\"widget\" data-widget_type=\"image.default\">\n\t\t\t\t\t\t\t\t\t\t\t\t\t\t\t<img loading=\"lazy\" decoding=\"async\" width=\"800\" height=\"450\" src=\"https:\/\/imk-ema.com\/wp-content\/uploads\/2024\/05\/IIC-2018-1024x576.png\" class=\"attachment-large size-large wp-image-10084\" alt=\"\" srcset=\"https:\/\/imk-ema.com\/wp-content\/uploads\/2024\/05\/IIC-2018-1024x576.png 1024w, https:\/\/imk-ema.com\/wp-content\/uploads\/2024\/05\/IIC-2018-300x169.png 300w, https:\/\/imk-ema.com\/wp-content\/uploads\/2024\/05\/IIC-2018-768x432.png 768w, https:\/\/imk-ema.com\/wp-content\/uploads\/2024\/05\/IIC-2018-1536x864.png 1536w, https:\/\/imk-ema.com\/wp-content\/uploads\/2024\/05\/IIC-2018-18x10.png 18w, https:\/\/imk-ema.com\/wp-content\/uploads\/2024\/05\/IIC-2018.png 1920w\" sizes=\"(max-width: 800px) 100vw, 800px\" \/>\t\t\t\t\t\t\t\t\t\t\t\t\t\t\t<\/div>\n\t\t\t\t\t<\/div>\n\t\t\t\t<\/div>\n\t\t\t\t\t<\/div>\n\t\t\t\t<\/div>\n\t\t\t\t\t<\/div>\n\t\t\t\t<\/div>\n\t\t<div class=\"elementor-element elementor-element-9b5849d e-flex e-con-boxed e-con e-child\" data-id=\"9b5849d\" data-element_type=\"container\" data-e-type=\"container\">\n\t\t\t\t\t<div class=\"e-con-inner\">\n\t\t<div class=\"elementor-element elementor-element-7afa160 e-grid e-con-boxed e-con e-child\" data-id=\"7afa160\" data-element_type=\"container\" data-e-type=\"container\">\n\t\t\t\t\t<div class=\"e-con-inner\">\n\t\t<div class=\"elementor-element elementor-element-fcdfb8f e-flex e-con-boxed e-con e-child\" data-id=\"fcdfb8f\" data-element_type=\"container\" data-e-type=\"container\">\n\t\t\t\t\t<div class=\"e-con-inner\">\n\t\t\t\t<div class=\"elementor-element elementor-element-7ca965d elementor-widget elementor-widget-image\" data-id=\"7ca965d\" data-element_type=\"widget\" data-e-type=\"widget\" data-widget_type=\"image.default\">\n\t\t\t\t\t\t\t\t\t\t\t\t\t\t\t<img loading=\"lazy\" decoding=\"async\" width=\"800\" height=\"450\" src=\"https:\/\/imk-ema.com\/wp-content\/uploads\/2024\/05\/IIC-2019-1024x576.png\" class=\"attachment-large size-large wp-image-10085\" alt=\"\" srcset=\"https:\/\/imk-ema.com\/wp-content\/uploads\/2024\/05\/IIC-2019-1024x576.png 1024w, https:\/\/imk-ema.com\/wp-content\/uploads\/2024\/05\/IIC-2019-300x169.png 300w, https:\/\/imk-ema.com\/wp-content\/uploads\/2024\/05\/IIC-2019-768x432.png 768w, https:\/\/imk-ema.com\/wp-content\/uploads\/2024\/05\/IIC-2019-1536x864.png 1536w, https:\/\/imk-ema.com\/wp-content\/uploads\/2024\/05\/IIC-2019-18x10.png 18w, https:\/\/imk-ema.com\/wp-content\/uploads\/2024\/05\/IIC-2019.png 1920w\" sizes=\"(max-width: 800px) 100vw, 800px\" \/>\t\t\t\t\t\t\t\t\t\t\t\t\t\t\t<\/div>\n\t\t\t\t\t<\/div>\n\t\t\t\t<\/div>\n\t\t<div class=\"elementor-element elementor-element-f9780ee e-flex e-con-boxed e-con e-child\" data-id=\"f9780ee\" data-element_type=\"container\" data-e-type=\"container\">\n\t\t\t\t\t<div class=\"e-con-inner\">\n\t\t\t\t<div class=\"elementor-element elementor-element-136a655 elementor-widget elementor-widget-text-editor\" data-id=\"136a655\" data-element_type=\"widget\" data-e-type=\"widget\" data-widget_type=\"text-editor.default\">\n\t\t\t\t\t\t\t\t\t<p>The IIC 2019 moved back to Saxony. This time we found ourselves in the state capital of Saxony: Dresden. The venue was the Gl\u00e4serne Manufaktur.<\/p>\t\t\t\t\t\t\t\t<\/div>\n\t\t\t\t\t<\/div>\n\t\t\t\t<\/div>\n\t\t\t\t\t<\/div>\n\t\t\t\t<\/div>\n\t\t\t\t\t<\/div>\n\t\t\t\t<\/div>\n\t\t<div class=\"elementor-element elementor-element-357e724 e-flex e-con-boxed e-con e-child\" data-id=\"357e724\" data-element_type=\"container\" data-e-type=\"container\">\n\t\t\t\t\t<div class=\"e-con-inner\">\n\t\t<div class=\"elementor-element elementor-element-10139da e-grid e-con-boxed e-con e-child\" data-id=\"10139da\" data-element_type=\"container\" data-e-type=\"container\">\n\t\t\t\t\t<div class=\"e-con-inner\">\n\t\t<div class=\"elementor-element elementor-element-f3b5510 e-flex e-con-boxed e-con e-child\" data-id=\"f3b5510\" data-element_type=\"container\" data-e-type=\"container\">\n\t\t\t\t\t<div class=\"e-con-inner\">\n\t\t\t\t<div class=\"elementor-element elementor-element-946bcbd elementor-widget elementor-widget-heading\" data-id=\"946bcbd\" data-element_type=\"widget\" data-e-type=\"widget\" data-widget_type=\"heading.default\">\n\t\t\t\t\t<h3 class=\"elementor-heading-title elementor-size-default\">The forced break<\/h3>\t\t\t\t<\/div>\n\t\t\t\t<div class=\"elementor-element elementor-element-c6ffa43 elementor-widget elementor-widget-text-editor\" data-id=\"c6ffa43\" data-element_type=\"widget\" data-e-type=\"widget\" data-widget_type=\"text-editor.default\">\n\t\t\t\t\t\t\t\t\t<p>Unfortunately, the pandemic forced us to cancel the IIC 2020. Unfortunately, no events were possible in 2021 either. However, we didn't want to miss out and brought the IIC to us at imk HQ - online and live. Incidentally, this is how our annual ema Online Summit came about.<\/p>\t\t\t\t\t\t\t\t<\/div>\n\t\t\t\t\t<\/div>\n\t\t\t\t<\/div>\n\t\t<div class=\"elementor-element elementor-element-7b8b172 e-flex e-con-boxed e-con e-child\" data-id=\"7b8b172\" data-element_type=\"container\" data-e-type=\"container\">\n\t\t\t\t\t<div class=\"e-con-inner\">\n\t\t\t\t<div class=\"elementor-element elementor-element-698e96f elementor-widget elementor-widget-image\" data-id=\"698e96f\" data-element_type=\"widget\" data-e-type=\"widget\" data-widget_type=\"image.default\">\n\t\t\t\t\t\t\t\t\t\t\t\t\t\t\t<img loading=\"lazy\" decoding=\"async\" width=\"680\" height=\"382\" src=\"https:\/\/imk-ema.com\/wp-content\/uploads\/2024\/05\/2021.jpg\" class=\"attachment-large size-large wp-image-10089\" alt=\"\" srcset=\"https:\/\/imk-ema.com\/wp-content\/uploads\/2024\/05\/2021.jpg 680w, https:\/\/imk-ema.com\/wp-content\/uploads\/2024\/05\/2021-300x169.jpg 300w, https:\/\/imk-ema.com\/wp-content\/uploads\/2024\/05\/2021-18x10.jpg 18w\" sizes=\"(max-width: 680px) 100vw, 680px\" \/>\t\t\t\t\t\t\t\t\t\t\t\t\t\t\t<\/div>\n\t\t\t\t\t<\/div>\n\t\t\t\t<\/div>\n\t\t\t\t\t<\/div>\n\t\t\t\t<\/div>\n\t\t<div class=\"elementor-element elementor-element-9dc8207 e-flex e-con-boxed e-con e-child\" data-id=\"9dc8207\" data-element_type=\"container\" data-e-type=\"container\">\n\t\t\t\t\t<div class=\"e-con-inner\">\n\t\t<div class=\"elementor-element elementor-element-c0b398f e-grid e-con-boxed e-con e-child\" data-id=\"c0b398f\" data-element_type=\"container\" data-e-type=\"container\">\n\t\t\t\t\t<div class=\"e-con-inner\">\n\t\t<div class=\"elementor-element elementor-element-66a8944 e-flex e-con-boxed e-con e-child\" data-id=\"66a8944\" data-element_type=\"container\" data-e-type=\"container\">\n\t\t\t\t\t<div class=\"e-con-inner\">\n\t\t\t\t<div class=\"elementor-element elementor-element-1257b23 elementor-widget elementor-widget-image\" data-id=\"1257b23\" data-element_type=\"widget\" data-e-type=\"widget\" data-widget_type=\"image.default\">\n\t\t\t\t\t\t\t\t\t\t\t\t\t\t\t<img loading=\"lazy\" decoding=\"async\" width=\"800\" height=\"450\" src=\"https:\/\/imk-ema.com\/wp-content\/uploads\/2024\/05\/IIC-2022-1024x576.png\" class=\"attachment-large size-large wp-image-10086\" alt=\"\" srcset=\"https:\/\/imk-ema.com\/wp-content\/uploads\/2024\/05\/IIC-2022-1024x576.png 1024w, https:\/\/imk-ema.com\/wp-content\/uploads\/2024\/05\/IIC-2022-300x169.png 300w, https:\/\/imk-ema.com\/wp-content\/uploads\/2024\/05\/IIC-2022-768x432.png 768w, https:\/\/imk-ema.com\/wp-content\/uploads\/2024\/05\/IIC-2022-1536x864.png 1536w, https:\/\/imk-ema.com\/wp-content\/uploads\/2024\/05\/IIC-2022-18x10.png 18w, https:\/\/imk-ema.com\/wp-content\/uploads\/2024\/05\/IIC-2022.png 1920w\" sizes=\"(max-width: 800px) 100vw, 800px\" \/>\t\t\t\t\t\t\t\t\t\t\t\t\t\t\t<\/div>\n\t\t\t\t\t<\/div>\n\t\t\t\t<\/div>\n\t\t<div class=\"elementor-element elementor-element-02e6730 e-flex e-con-boxed e-con e-child\" data-id=\"02e6730\" data-element_type=\"container\" data-e-type=\"container\">\n\t\t\t\t\t<div class=\"e-con-inner\">\n\t\t\t\t<div class=\"elementor-element elementor-element-eda3772 elementor-widget elementor-widget-heading\" data-id=\"eda3772\" data-element_type=\"widget\" data-e-type=\"widget\" data-widget_type=\"heading.default\">\n\t\t\t\t\t<h3 class=\"elementor-heading-title elementor-size-default\">Ten years of IIC<\/h3>\t\t\t\t<\/div>\n\t\t\t\t<div class=\"elementor-element elementor-element-b9cbc7e elementor-widget elementor-widget-text-editor\" data-id=\"b9cbc7e\" data-element_type=\"widget\" data-e-type=\"widget\" data-widget_type=\"text-editor.default\">\n\t\t\t\t\t\t\t\t\t<p>For IIC2022, we were able to plan a proper event again after a 2-year break. Fittingly, we are celebrating 10 years of IIC - this time with the Gesellschaft f\u00fcr Arbeitswissenschaft (GFA) as co-organiser.<\/p>\t\t\t\t\t\t\t\t<\/div>\n\t\t\t\t\t<\/div>\n\t\t\t\t<\/div>\n\t\t\t\t\t<\/div>\n\t\t\t\t<\/div>\n\t\t<div class=\"elementor-element elementor-element-2eab6b9 e-flex e-con-boxed e-con e-child\" data-id=\"2eab6b9\" data-element_type=\"container\" data-e-type=\"container\">\n\t\t\t\t\t<div class=\"e-con-inner\">\n\t\t<div class=\"elementor-element elementor-element-6fd9b4e e-grid e-con-boxed e-con e-child\" data-id=\"6fd9b4e\" data-element_type=\"container\" data-e-type=\"container\">\n\t\t\t\t\t<div class=\"e-con-inner\">\n\t\t<div class=\"elementor-element elementor-element-3006180 e-flex e-con-boxed e-con e-child\" data-id=\"3006180\" data-element_type=\"container\" data-e-type=\"container\">\n\t\t\t\t\t<div class=\"e-con-inner\">\n\t\t\t\t<div class=\"elementor-element elementor-element-8b1415f elementor-widget elementor-widget-text-editor\" data-id=\"8b1415f\" data-element_type=\"widget\" data-e-type=\"widget\" data-widget_type=\"text-editor.default\">\n\t\t\t\t\t\t\t\t\t<p>Last year we travelled to Fulda with the IIC2023 - this time even with 3 co-organisers on board: EKS InTec, FFT &amp; EDAG. The now 2-day conference took place in the 3G conference hotel and offered plenty of space for over 100 participants.<\/p>\t\t\t\t\t\t\t\t<\/div>\n\t\t\t\t\t<\/div>\n\t\t\t\t<\/div>\n\t\t<div class=\"elementor-element elementor-element-34e321f e-flex e-con-boxed e-con e-child\" data-id=\"34e321f\" data-element_type=\"container\" data-e-type=\"container\">\n\t\t\t\t\t<div class=\"e-con-inner\">\n\t\t\t\t<div class=\"elementor-element elementor-element-c354780 elementor-widget elementor-widget-image\" data-id=\"c354780\" data-element_type=\"widget\" data-e-type=\"widget\" data-widget_type=\"image.default\">\n\t\t\t\t\t\t\t\t\t\t\t\t\t\t\t<img loading=\"lazy\" decoding=\"async\" width=\"800\" height=\"450\" src=\"https:\/\/imk-ema.com\/wp-content\/uploads\/2024\/05\/IIC-2023-1024x576.png\" class=\"attachment-large size-large wp-image-10087\" alt=\"\" srcset=\"https:\/\/imk-ema.com\/wp-content\/uploads\/2024\/05\/IIC-2023-1024x576.png 1024w, https:\/\/imk-ema.com\/wp-content\/uploads\/2024\/05\/IIC-2023-300x169.png 300w, https:\/\/imk-ema.com\/wp-content\/uploads\/2024\/05\/IIC-2023-768x432.png 768w, https:\/\/imk-ema.com\/wp-content\/uploads\/2024\/05\/IIC-2023-1536x864.png 1536w, https:\/\/imk-ema.com\/wp-content\/uploads\/2024\/05\/IIC-2023-18x10.png 18w, https:\/\/imk-ema.com\/wp-content\/uploads\/2024\/05\/IIC-2023.png 1920w\" sizes=\"(max-width: 800px) 100vw, 800px\" \/>\t\t\t\t\t\t\t\t\t\t\t\t\t\t\t<\/div>\n\t\t\t\t\t<\/div>\n\t\t\t\t<\/div>\n\t\t\t\t\t<\/div>\n\t\t\t\t<\/div>\n\t\t\t\t\t<\/div>\n\t\t\t\t<\/div>\n\t\t\t\t\t<\/div>\n\t\t\t\t<\/div>\n\t\t\t\t\t<\/div>\n\t\t\t\t<\/div>\n\t\t\t\t\t<\/div>\n\t\t\t\t<\/div>\n\t\t<div class=\"elementor-element elementor-element-0941b3e e-flex e-con-boxed e-con e-parent\" data-id=\"0941b3e\" data-element_type=\"container\" data-e-type=\"container\">\n\t\t\t\t\t<div class=\"e-con-inner\">\n\t\t<div class=\"elementor-element elementor-element-42493ff e-flex e-con-boxed e-con e-child\" data-id=\"42493ff\" data-element_type=\"container\" data-e-type=\"container\" data-settings=\"{&quot;background_background&quot;:&quot;classic&quot;}\">\n\t\t\t\t\t<div class=\"e-con-inner\">\n\t\t<div class=\"elementor-element elementor-element-3b10b11 e-grid e-con-boxed e-con e-child\" data-id=\"3b10b11\" data-element_type=\"container\" data-e-type=\"container\">\n\t\t\t\t\t<div class=\"e-con-inner\">\n\t\t<div class=\"elementor-element elementor-element-764cb50 e-flex e-con-boxed e-con e-child\" data-id=\"764cb50\" data-element_type=\"container\" data-e-type=\"container\">\n\t\t\t\t\t<div class=\"e-con-inner\">\n\t\t\t\t<div class=\"elementor-element elementor-element-f83e061 elementor-widget elementor-widget-text-editor\" data-id=\"f83e061\" data-element_type=\"widget\" data-e-type=\"widget\" data-widget_type=\"text-editor.default\">\n\t\t\t\t\t\t\t\t\t<p>We present: <\/p>\t\t\t\t\t\t\t\t<\/div>\n\t\t\t\t<div class=\"elementor-element elementor-element-a8b3d1e elementor-widget elementor-widget-heading\" data-id=\"a8b3d1e\" data-element_type=\"widget\" data-e-type=\"widget\" data-widget_type=\"heading.default\">\n\t\t\t\t\t<h2 class=\"elementor-heading-title elementor-size-default\">The IIC 2024<\/h2>\t\t\t\t<\/div>\n\t\t\t\t<div class=\"elementor-element elementor-element-74068e6 elementor-widget elementor-widget-text-editor\" data-id=\"74068e6\" data-element_type=\"widget\" data-e-type=\"widget\" data-widget_type=\"text-editor.default\">\n\t\t\t\t\t\t\t\t\t<p>This year on 18 &amp; 19 September we will meet together with our co-organiser EKS InTec at the BMW World in Munich. We look forward to welcoming you to the 12th IIC!<\/p>\t\t\t\t\t\t\t\t<\/div>\n\t\t\t\t<div class=\"elementor-element elementor-element-e93e5db elementor-align-right elementor-widget elementor-widget-button\" data-id=\"e93e5db\" data-element_type=\"widget\" data-e-type=\"widget\" data-widget_type=\"button.default\">\n\t\t\t\t\t\t\t\t\t\t<a class=\"elementor-button elementor-button-link elementor-size-sm\" href=\"https:\/\/imk-ema.com\/en\/iic-2024\/\">\n\t\t\t\t\t\t<span class=\"elementor-button-content-wrapper\">\n\t\t\t\t\t\t\t\t\t<span class=\"elementor-button-text\">To the registration<\/span>\n\t\t\t\t\t<\/span>\n\t\t\t\t\t<\/a>\n\t\t\t\t\t\t\t\t<\/div>\n\t\t\t\t\t<\/div>\n\t\t\t\t<\/div>\n\t\t\t\t<div class=\"elementor-element elementor-element-2c5070d elementor-widget elementor-widget-image\" data-id=\"2c5070d\" data-element_type=\"widget\" data-e-type=\"widget\" data-widget_type=\"image.default\">\n\t\t\t\t\t\t\t\t\t\t\t\t\t\t\t<img loading=\"lazy\" decoding=\"async\" width=\"800\" height=\"800\" src=\"https:\/\/imk-ema.com\/wp-content\/uploads\/2024\/05\/IIC-NL-1024x1024.png\" class=\"attachment-large size-large wp-image-10090\" alt=\"\" srcset=\"https:\/\/imk-ema.com\/wp-content\/uploads\/2024\/05\/IIC-NL-1024x1024.png 1024w, https:\/\/imk-ema.com\/wp-content\/uploads\/2024\/05\/IIC-NL-300x300.png 300w, https:\/\/imk-ema.com\/wp-content\/uploads\/2024\/05\/IIC-NL-150x150.png 150w, https:\/\/imk-ema.com\/wp-content\/uploads\/2024\/05\/IIC-NL-768x768.png 768w, https:\/\/imk-ema.com\/wp-content\/uploads\/2024\/05\/IIC-NL-12x12.png 12w, https:\/\/imk-ema.com\/wp-content\/uploads\/2024\/05\/IIC-NL.png 1200w\" sizes=\"(max-width: 800px) 100vw, 800px\" \/>\t\t\t\t\t\t\t\t\t\t\t\t\t\t\t<\/div>\n\t\t\t\t\t<\/div>\n\t\t\t\t<\/div>\n\t\t\t\t\t<\/div>\n\t\t\t\t<\/div>\n\t\t\t\t\t<\/div>\n\t\t\t\t<\/div>\n\t\t<div class=\"elementor-element elementor-element-fb278d3 e-flex e-con-boxed e-con e-parent\" data-id=\"fb278d3\" data-element_type=\"container\" data-e-type=\"container\">\n\t\t\t\t\t<div class=\"e-con-inner\">\n\t\t\t\t\t<\/div>\n\t\t\t\t<\/div>\n\t\t\t\t<\/div>","protected":false},"excerpt":{"rendered":"<p>Am 18. &amp; 19. September 2024 \u00f6ffnet die IIC2024 ihre T\u00fcren! Die 12. IIC-Konferenz steht ganz im Zeichen der Innovationen in der digitalen Fabrik und Produktionsplanung. Gern m\u00f6chten wir die [&hellip;]<\/p>\n","protected":false},"author":514,"featured_media":10096,"comment_status":"closed","ping_status":"closed","sticky":false,"template":"","format":"standard","meta":{"_acf_changed":false,"inline_featured_image":false,"footnotes":""},"categories":[96],"tags":[],"class_list":["post-10074","post","type-post","status-publish","format-standard","has-post-thumbnail","hentry","category-themen-spotlights"],"acf":[],"yoast_head":"<!-- This site is optimized with the Yoast SEO plugin v27.4 - https:\/\/yoast.com\/product\/yoast-seo-wordpress\/ -->\n<title>Eine Zeitreise durch 12 Jahre IIC &#8211; ema Software Suite<\/title>\n<meta name=\"robots\" content=\"index, follow, max-snippet:-1, max-image-preview:large, max-video-preview:-1\" \/>\n<link rel=\"canonical\" href=\"https:\/\/imk-ema.com\/en\/a-journey-through-12-years-of-iic\/\" \/>\n<meta property=\"og:locale\" content=\"en_GB\" \/>\n<meta property=\"og:type\" content=\"article\" \/>\n<meta property=\"og:title\" content=\"Eine Zeitreise durch 12 Jahre IIC &#8211; ema Software Suite\" \/>\n<meta property=\"og:description\" content=\"Am 18. &amp; 19. September 2024 \u00f6ffnet die IIC2024 ihre T\u00fcren! Die 12. IIC-Konferenz steht ganz im Zeichen der Innovationen in der digitalen Fabrik und Produktionsplanung. Gern m\u00f6chten wir die [&hellip;]\" \/>\n<meta property=\"og:url\" content=\"https:\/\/imk-ema.com\/en\/a-journey-through-12-years-of-iic\/\" \/>\n<meta property=\"og:site_name\" content=\"ema Software Suite\" \/>\n<meta property=\"article:publisher\" content=\"https:\/\/www.facebook.com\/imkautomotive\/\" \/>\n<meta property=\"article:published_time\" content=\"2024-05-22T14:19:43+00:00\" \/>\n<meta property=\"article:modified_time\" content=\"2024-05-23T12:52:32+00:00\" \/>\n<meta property=\"og:image\" content=\"https:\/\/imk-ema.com\/wp-content\/uploads\/2024\/05\/logos.png\" \/>\n\t<meta property=\"og:image:width\" content=\"815\" \/>\n\t<meta property=\"og:image:height\" content=\"428\" \/>\n\t<meta property=\"og:image:type\" content=\"image\/png\" \/>\n<meta name=\"author\" content=\"Sandra Braune-S\u00fcssemilch\" \/>\n<meta name=\"twitter:card\" content=\"summary_large_image\" \/>\n<meta name=\"twitter:label1\" content=\"Written by\" \/>\n\t<meta name=\"twitter:data1\" content=\"Sandra Braune-S\u00fcssemilch\" \/>\n\t<meta name=\"twitter:label2\" content=\"Estimated reading time\" \/>\n\t<meta name=\"twitter:data2\" content=\"5 minutes\" \/>\n<script type=\"application\/ld+json\" class=\"yoast-schema-graph\">{\"@context\":\"https:\\\/\\\/schema.org\",\"@graph\":[{\"@type\":\"Article\",\"@id\":\"https:\\\/\\\/imk-ema.com\\\/eine-zeitreise-durch-12-jahre-iic\\\/#article\",\"isPartOf\":{\"@id\":\"https:\\\/\\\/imk-ema.com\\\/eine-zeitreise-durch-12-jahre-iic\\\/\"},\"author\":{\"name\":\"Sandra Braune-S\u00fcssemilch\",\"@id\":\"https:\\\/\\\/imk-ema.com\\\/#\\\/schema\\\/person\\\/ed6d00c40497fb1dd310119fbb53786e\"},\"headline\":\"Eine Zeitreise durch 12 Jahre IIC\",\"datePublished\":\"2024-05-22T14:19:43+00:00\",\"dateModified\":\"2024-05-23T12:52:32+00:00\",\"mainEntityOfPage\":{\"@id\":\"https:\\\/\\\/imk-ema.com\\\/eine-zeitreise-durch-12-jahre-iic\\\/\"},\"wordCount\":472,\"publisher\":{\"@id\":\"https:\\\/\\\/imk-ema.com\\\/#organization\"},\"image\":{\"@id\":\"https:\\\/\\\/imk-ema.com\\\/eine-zeitreise-durch-12-jahre-iic\\\/#primaryimage\"},\"thumbnailUrl\":\"https:\\\/\\\/imk-ema.com\\\/wp-content\\\/uploads\\\/2024\\\/05\\\/logos.png\",\"articleSection\":[\"Themen-Spotlights\"],\"inLanguage\":\"en-GB\"},{\"@type\":\"WebPage\",\"@id\":\"https:\\\/\\\/imk-ema.com\\\/eine-zeitreise-durch-12-jahre-iic\\\/\",\"url\":\"https:\\\/\\\/imk-ema.com\\\/eine-zeitreise-durch-12-jahre-iic\\\/\",\"name\":\"Eine Zeitreise durch 12 Jahre IIC &#8211; ema Software Suite\",\"isPartOf\":{\"@id\":\"https:\\\/\\\/imk-ema.com\\\/#website\"},\"primaryImageOfPage\":{\"@id\":\"https:\\\/\\\/imk-ema.com\\\/eine-zeitreise-durch-12-jahre-iic\\\/#primaryimage\"},\"image\":{\"@id\":\"https:\\\/\\\/imk-ema.com\\\/eine-zeitreise-durch-12-jahre-iic\\\/#primaryimage\"},\"thumbnailUrl\":\"https:\\\/\\\/imk-ema.com\\\/wp-content\\\/uploads\\\/2024\\\/05\\\/logos.png\",\"datePublished\":\"2024-05-22T14:19:43+00:00\",\"dateModified\":\"2024-05-23T12:52:32+00:00\",\"breadcrumb\":{\"@id\":\"https:\\\/\\\/imk-ema.com\\\/eine-zeitreise-durch-12-jahre-iic\\\/#breadcrumb\"},\"inLanguage\":\"en-GB\",\"potentialAction\":[{\"@type\":\"ReadAction\",\"target\":[\"https:\\\/\\\/imk-ema.com\\\/eine-zeitreise-durch-12-jahre-iic\\\/\"]}]},{\"@type\":\"ImageObject\",\"inLanguage\":\"en-GB\",\"@id\":\"https:\\\/\\\/imk-ema.com\\\/eine-zeitreise-durch-12-jahre-iic\\\/#primaryimage\",\"url\":\"https:\\\/\\\/imk-ema.com\\\/wp-content\\\/uploads\\\/2024\\\/05\\\/logos.png\",\"contentUrl\":\"https:\\\/\\\/imk-ema.com\\\/wp-content\\\/uploads\\\/2024\\\/05\\\/logos.png\",\"width\":815,\"height\":428},{\"@type\":\"BreadcrumbList\",\"@id\":\"https:\\\/\\\/imk-ema.com\\\/eine-zeitreise-durch-12-jahre-iic\\\/#breadcrumb\",\"itemListElement\":[{\"@type\":\"ListItem\",\"position\":1,\"name\":\"Startseite\",\"item\":\"https:\\\/\\\/imk-ema.com\\\/\"},{\"@type\":\"ListItem\",\"position\":2,\"name\":\"Eine Zeitreise durch 12 Jahre IIC\"}]},{\"@type\":\"WebSite\",\"@id\":\"https:\\\/\\\/imk-ema.com\\\/#website\",\"url\":\"https:\\\/\\\/imk-ema.com\\\/\",\"name\":\"ema Software Suite\",\"description\":\"Virtual Planning \u2013 Real Value\",\"publisher\":{\"@id\":\"https:\\\/\\\/imk-ema.com\\\/#organization\"},\"alternateName\":\"imk ema\",\"potentialAction\":[{\"@type\":\"SearchAction\",\"target\":{\"@type\":\"EntryPoint\",\"urlTemplate\":\"https:\\\/\\\/imk-ema.com\\\/?s={search_term_string}\"},\"query-input\":{\"@type\":\"PropertyValueSpecification\",\"valueRequired\":true,\"valueName\":\"search_term_string\"}}],\"inLanguage\":\"en-GB\"},{\"@type\":\"Organization\",\"@id\":\"https:\\\/\\\/imk-ema.com\\\/#organization\",\"name\":\"ema Software Suite\",\"alternateName\":\"imk ema\",\"url\":\"https:\\\/\\\/imk-ema.com\\\/\",\"logo\":{\"@type\":\"ImageObject\",\"inLanguage\":\"en-GB\",\"@id\":\"https:\\\/\\\/imk-ema.com\\\/#\\\/schema\\\/logo\\\/image\\\/\",\"url\":\"https:\\\/\\\/imk-ema.com\\\/wp-content\\\/uploads\\\/2023\\\/05\\\/ema_sws_icon.png\",\"contentUrl\":\"https:\\\/\\\/imk-ema.com\\\/wp-content\\\/uploads\\\/2023\\\/05\\\/ema_sws_icon.png\",\"width\":1280,\"height\":1280,\"caption\":\"ema Software Suite\"},\"image\":{\"@id\":\"https:\\\/\\\/imk-ema.com\\\/#\\\/schema\\\/logo\\\/image\\\/\"},\"sameAs\":[\"https:\\\/\\\/www.facebook.com\\\/imkautomotive\\\/\",\"https:\\\/\\\/www.linkedin.com\\\/company\\\/imk-automotive-gmbh\\\/\",\"https:\\\/\\\/www.youtube.com\\\/channel\\\/UC_t8YCZ4V6R4Se1SXZK2_UQ\",\"https:\\\/\\\/www.instagram.com\\\/imk_career\\\/\",\"https:\\\/\\\/www.xing.com\\\/pages\\\/imkautomotivegmbh\"]},{\"@type\":\"Person\",\"@id\":\"https:\\\/\\\/imk-ema.com\\\/#\\\/schema\\\/person\\\/ed6d00c40497fb1dd310119fbb53786e\",\"name\":\"Sandra Braune-S\u00fcssemilch\",\"url\":\"https:\\\/\\\/imk-ema.com\\\/en\\\/author\\\/imk_braune\\\/\"}]}<\/script>\n<!-- \/ Yoast SEO plugin. -->","yoast_head_json":{"title":"A journey through 12 years of IIC - ema Software Suite","robots":{"index":"index","follow":"follow","max-snippet":"max-snippet:-1","max-image-preview":"max-image-preview:large","max-video-preview":"max-video-preview:-1"},"canonical":"https:\/\/imk-ema.com\/en\/a-journey-through-12-years-of-iic\/","og_locale":"en_GB","og_type":"article","og_title":"Eine Zeitreise durch 12 Jahre IIC &#8211; ema Software Suite","og_description":"Am 18. &amp; 19. September 2024 \u00f6ffnet die IIC2024 ihre T\u00fcren! Die 12. IIC-Konferenz steht ganz im Zeichen der Innovationen in der digitalen Fabrik und Produktionsplanung. Gern m\u00f6chten wir die [&hellip;]","og_url":"https:\/\/imk-ema.com\/en\/a-journey-through-12-years-of-iic\/","og_site_name":"ema Software Suite","article_publisher":"https:\/\/www.facebook.com\/imkautomotive\/","article_published_time":"2024-05-22T14:19:43+00:00","article_modified_time":"2024-05-23T12:52:32+00:00","og_image":[{"width":815,"height":428,"url":"https:\/\/imk-ema.com\/wp-content\/uploads\/2024\/05\/logos.png","type":"image\/png"}],"author":"Sandra Braune-S\u00fcssemilch","twitter_card":"summary_large_image","twitter_misc":{"Written by":"Sandra Braune-S\u00fcssemilch","Estimated reading time":"5 minutes"},"schema":{"@context":"https:\/\/schema.org","@graph":[{"@type":"Article","@id":"https:\/\/imk-ema.com\/eine-zeitreise-durch-12-jahre-iic\/#article","isPartOf":{"@id":"https:\/\/imk-ema.com\/eine-zeitreise-durch-12-jahre-iic\/"},"author":{"name":"Sandra Braune-S\u00fcssemilch","@id":"https:\/\/imk-ema.com\/#\/schema\/person\/ed6d00c40497fb1dd310119fbb53786e"},"headline":"Eine Zeitreise durch 12 Jahre IIC","datePublished":"2024-05-22T14:19:43+00:00","dateModified":"2024-05-23T12:52:32+00:00","mainEntityOfPage":{"@id":"https:\/\/imk-ema.com\/eine-zeitreise-durch-12-jahre-iic\/"},"wordCount":472,"publisher":{"@id":"https:\/\/imk-ema.com\/#organization"},"image":{"@id":"https:\/\/imk-ema.com\/eine-zeitreise-durch-12-jahre-iic\/#primaryimage"},"thumbnailUrl":"https:\/\/imk-ema.com\/wp-content\/uploads\/2024\/05\/logos.png","articleSection":["Themen-Spotlights"],"inLanguage":"en-GB"},{"@type":"WebPage","@id":"https:\/\/imk-ema.com\/eine-zeitreise-durch-12-jahre-iic\/","url":"https:\/\/imk-ema.com\/eine-zeitreise-durch-12-jahre-iic\/","name":"A journey through 12 years of IIC - ema Software Suite","isPartOf":{"@id":"https:\/\/imk-ema.com\/#website"},"primaryImageOfPage":{"@id":"https:\/\/imk-ema.com\/eine-zeitreise-durch-12-jahre-iic\/#primaryimage"},"image":{"@id":"https:\/\/imk-ema.com\/eine-zeitreise-durch-12-jahre-iic\/#primaryimage"},"thumbnailUrl":"https:\/\/imk-ema.com\/wp-content\/uploads\/2024\/05\/logos.png","datePublished":"2024-05-22T14:19:43+00:00","dateModified":"2024-05-23T12:52:32+00:00","breadcrumb":{"@id":"https:\/\/imk-ema.com\/eine-zeitreise-durch-12-jahre-iic\/#breadcrumb"},"inLanguage":"en-GB","potentialAction":[{"@type":"ReadAction","target":["https:\/\/imk-ema.com\/eine-zeitreise-durch-12-jahre-iic\/"]}]},{"@type":"ImageObject","inLanguage":"en-GB","@id":"https:\/\/imk-ema.com\/eine-zeitreise-durch-12-jahre-iic\/#primaryimage","url":"https:\/\/imk-ema.com\/wp-content\/uploads\/2024\/05\/logos.png","contentUrl":"https:\/\/imk-ema.com\/wp-content\/uploads\/2024\/05\/logos.png","width":815,"height":428},{"@type":"BreadcrumbList","@id":"https:\/\/imk-ema.com\/eine-zeitreise-durch-12-jahre-iic\/#breadcrumb","itemListElement":[{"@type":"ListItem","position":1,"name":"Startseite","item":"https:\/\/imk-ema.com\/"},{"@type":"ListItem","position":2,"name":"Eine Zeitreise durch 12 Jahre IIC"}]},{"@type":"WebSite","@id":"https:\/\/imk-ema.com\/#website","url":"https:\/\/imk-ema.com\/","name":"ema Software Suite","description":"Virtual Planning - Real Value","publisher":{"@id":"https:\/\/imk-ema.com\/#organization"},"alternateName":"imk ema","potentialAction":[{"@type":"SearchAction","target":{"@type":"EntryPoint","urlTemplate":"https:\/\/imk-ema.com\/?s={search_term_string}"},"query-input":{"@type":"PropertyValueSpecification","valueRequired":true,"valueName":"search_term_string"}}],"inLanguage":"en-GB"},{"@type":"Organization","@id":"https:\/\/imk-ema.com\/#organization","name":"ema Software Suite","alternateName":"imk ema","url":"https:\/\/imk-ema.com\/","logo":{"@type":"ImageObject","inLanguage":"en-GB","@id":"https:\/\/imk-ema.com\/#\/schema\/logo\/image\/","url":"https:\/\/imk-ema.com\/wp-content\/uploads\/2023\/05\/ema_sws_icon.png","contentUrl":"https:\/\/imk-ema.com\/wp-content\/uploads\/2023\/05\/ema_sws_icon.png","width":1280,"height":1280,"caption":"ema Software Suite"},"image":{"@id":"https:\/\/imk-ema.com\/#\/schema\/logo\/image\/"},"sameAs":["https:\/\/www.facebook.com\/imkautomotive\/","https:\/\/www.linkedin.com\/company\/imk-automotive-gmbh\/","https:\/\/www.youtube.com\/channel\/UC_t8YCZ4V6R4Se1SXZK2_UQ","https:\/\/www.instagram.com\/imk_career\/","https:\/\/www.xing.com\/pages\/imkautomotivegmbh"]},{"@type":"Person","@id":"https:\/\/imk-ema.com\/#\/schema\/person\/ed6d00c40497fb1dd310119fbb53786e","name":"Sandra Braune-S\u00fcssemilch","url":"https:\/\/imk-ema.com\/en\/author\/imk_braune\/"}]}},"_links":{"self":[{"href":"https:\/\/imk-ema.com\/en\/wp-json\/wp\/v2\/posts\/10074","targetHints":{"allow":["GET"]}}],"collection":[{"href":"https:\/\/imk-ema.com\/en\/wp-json\/wp\/v2\/posts"}],"about":[{"href":"https:\/\/imk-ema.com\/en\/wp-json\/wp\/v2\/types\/post"}],"author":[{"embeddable":true,"href":"https:\/\/imk-ema.com\/en\/wp-json\/wp\/v2\/users\/514"}],"replies":[{"embeddable":true,"href":"https:\/\/imk-ema.com\/en\/wp-json\/wp\/v2\/comments?post=10074"}],"version-history":[{"count":8,"href":"https:\/\/imk-ema.com\/en\/wp-json\/wp\/v2\/posts\/10074\/revisions"}],"predecessor-version":[{"id":10097,"href":"https:\/\/imk-ema.com\/en\/wp-json\/wp\/v2\/posts\/10074\/revisions\/10097"}],"wp:featuredmedia":[{"embeddable":true,"href":"https:\/\/imk-ema.com\/en\/wp-json\/wp\/v2\/media\/10096"}],"wp:attachment":[{"href":"https:\/\/imk-ema.com\/en\/wp-json\/wp\/v2\/media?parent=10074"}],"wp:term":[{"taxonomy":"category","embeddable":true,"href":"https:\/\/imk-ema.com\/en\/wp-json\/wp\/v2\/categories?post=10074"},{"taxonomy":"post_tag","embeddable":true,"href":"https:\/\/imk-ema.com\/en\/wp-json\/wp\/v2\/tags?post=10074"}],"curies":[{"name":"wp","href":"https:\/\/api.w.org\/{rel}","templated":true}]}}